{"id":1987,"date":"2024-06-25T13:21:01","date_gmt":"2024-06-25T12:21:01","guid":{"rendered":"https:\/\/pamoja-education-network.org\/?p=1987"},"modified":"2024-07-24T23:35:47","modified_gmt":"2024-07-24T22:35:47","slug":"formation-continue-en-education-des-acteurs-publics-et-prives-outilles-en-mobilisation-des-ressources","status":"publish","type":"post","link":"https:\/\/pamoja-education-network.org\/en\/formation-continue-en-education-des-acteurs-publics-et-prives-outilles-en-mobilisation-des-ressources\/","title":{"rendered":"Formation continue en \u00e9ducation, des acteurs publics et priv\u00e9s outill\u00e9s en mobilisation des ressources"},"content":{"rendered":"<p>La formation s\u2019est d\u00e9roul\u00e9e du 12 au 22 juin 2024 au si\u00e8ge du Fonds d\u2019Aide \u00e0 l\u2019Alphab\u00e9tisation et \u00e0 la Promotion des Langues Nationales (FAAPLN) \u00e0 Cotonou et a mobilis\u00e9 une vingtaine de participants venus de diverses organisations. Les diff\u00e9rentes s\u00e9quences d\u00e9roul\u00e9es par le formateur ont port\u00e9 respectivement sur les enjeux, les d\u00e9fis et les approches de mobilisation des ressources.<\/p>\n\n\n\n<p>Tout au long des dix jours de formation, les participants se sont familiaris\u00e9s avec des notions g\u00e9n\u00e9rales en lien avec la mobilisation des ressources. Des sp\u00e9cificit\u00e9s li\u00e9es \u00e0 la mobilisation des ressources au profit du secteur de l\u2019\u00e9ducation ont \u00e9t\u00e9 \u00e9galement \u00e9tudi\u00e9es.<\/p>\n\n\n\n<p>Cette formation est la bienvenue dans un contexte de raret\u00e9 des ressources. Les connaissances transmises aux participants devront leur permettre d\u2019acqu\u00e9rir des comp\u00e9tences afin de mieux penser et de mieux planifier la mobilisation des ressources aupr\u00e8s des partenaires au d\u00e9veloppement notamment.<\/p>\n\n\n\n<p><strong>Feedback des participants<\/strong><strong><\/strong><\/p>\n\n\n\n<p><em>\u00ab&nbsp;Etant donn\u00e9 que les participants sont des acteurs de l\u2019alphab\u00e9tisation et de l\u2019\u00e9ducation non formelle, nous avons essay\u00e9 de contextualiser la mobilisation des ressources. De fa\u00e7on pratique, la formation a \u00e9t\u00e9 align\u00e9e sur les r\u00e9alit\u00e9s du monde \u00e9ducatif. Les participants \u00e9taient tr\u00e8s int\u00e9ress\u00e9s et r\u00e9actifs. La formation en mobilisation des ressources est tr\u00e8s importante aujourd\u2019hui. J\u2019invite donc toutes les organisations \u00e0 faire participer leurs personnels afin que ces derniers puissent en retour \u0153uvrer au renforcement des capacit\u00e9s financi\u00e8res de leurs employeurs.&nbsp;\u00bb<\/em><em><\/em><\/p>\n\n\n\n<p><strong>Dr Daniel DEDJI, Expert en sociologie des organisations et gouvernance, consultant-formateur<\/strong><strong><\/strong><\/p>\n\n\n\n<p><em>\u00ab&nbsp;J\u2019ai retenu beaucoup de choses de cette formation \u00e0 savoir entre autres les diff\u00e9rents types de ressources, les strat\u00e9gies de mobilisation des ressources, l\u2019\u00e9quipe de mobilisation de ressources et l\u2019intelligence financi\u00e8re. Les notions re\u00e7ues au cours de la formation notamment l\u2019intelligence financi\u00e8re me seront tr\u00e8s utiles car je dois mobiliser davantage de ressources pour mes activit\u00e9s personnelles.&nbsp;\u00bb<\/em><em><\/em><\/p>\n\n\n\n<p><strong>Bricette LODJO, sociologue et enseignante<\/strong><strong><\/strong><\/p>\n\n\n\n<p><em>\u00ab&nbsp;La classification des diff\u00e9rents partenaires qu\u2019ils soient techniques ou financiers, les diff\u00e9rents fournisseurs de ressources tant sur le plan national qu\u2019international, voil\u00e0 quelques points cl\u00e9s que je retiens de notre formation. Je compte utiliser ces connaissances dans le cadre de mes activit\u00e9s professionnelles ou communautaires.&nbsp;\u00bb<\/em><em><\/em><\/p>\n\n\n\n<p><strong>Adj\u00e9i KPONON, Collaborateur au Journal Educ\u2019Action<\/strong><strong><\/strong><\/p>\n\n\n\n<p><em>\u00ab&nbsp;C\u2019\u00e9tait une formation tr\u00e8s riche. Je pensais conna\u00eetre beaucoup de choses mais la formation m\u2019a v\u00e9ritablement ouvert les yeux. L\u2019une des choses qui m\u2019a particuli\u00e8rement marqu\u00e9, c\u2019est le travail en \u00e9quipe. Une mobilisation des ressources efficace ne peut que se faire qu\u2019en \u00e9quipe. Je r\u00e9fl\u00e9chis d\u00e9j\u00e0 aux personnes avec lesquelles je dois travailler pour relever ce d\u00e9fi de mobilisation des ressources.&nbsp;\u00bb<\/em><em><\/em><\/p>\n\n\n\n<p><strong>Janvier DJOGBENOU, Responsable communication et mobilisation du Groupe biblique des \u00e9l\u00e8ves et \u00e9tudiants du B\u00e9nin<\/strong><strong><\/strong><\/p>","protected":false},"excerpt":{"rendered":"<p>La formation s\u2019est d\u00e9roul\u00e9e du 12 au 22 juin 2024 au si\u00e8ge du Fonds d\u2019Aide \u00e0 l\u2019Alphab\u00e9tisation et \u00e0 la Promotion des Langues Nationales (FAAPLN) \u00e0 Cotonou et a mobilis\u00e9 une vingtaine de participants venus de diverses organisations. Les diff\u00e9rentes s\u00e9quences d\u00e9roul\u00e9es par le formateur ont port\u00e9 respectivement sur les enjeux, les d\u00e9fis et les approches de mobilisation des ressources. Tout au long des dix jours de formation, les participants se sont familiaris\u00e9s avec des notions g\u00e9n\u00e9rales en lien avec la mobilisation des ressources. Des sp\u00e9cificit\u00e9s li\u00e9es \u00e0 la mobilisation des ressources au profit du secteur de l\u2019\u00e9ducation ont \u00e9t\u00e9 \u00e9galement \u00e9tudi\u00e9es. Cette formation est la bienvenue dans un contexte de raret\u00e9 des ressources. Les connaissances transmises aux participants devront leur permettre d\u2019acqu\u00e9rir des comp\u00e9tences afin de mieux penser et de mieux planifier la mobilisation des ressources aupr\u00e8s des partenaires au d\u00e9veloppement notamment. Feedback des participants \u00ab&nbsp;Etant donn\u00e9 que les participants sont des acteurs de l\u2019alphab\u00e9tisation et de l\u2019\u00e9ducation non formelle, nous avons essay\u00e9 de contextualiser la mobilisation des ressources. De fa\u00e7on pratique, la formation a \u00e9t\u00e9 align\u00e9e sur les r\u00e9alit\u00e9s du monde \u00e9ducatif. Les participants \u00e9taient tr\u00e8s int\u00e9ress\u00e9s et r\u00e9actifs. La formation en mobilisation des ressources est tr\u00e8s importante aujourd\u2019hui. J\u2019invite donc toutes les organisations \u00e0 faire participer leurs personnels afin que ces derniers puissent en retour \u0153uvrer au renforcement des capacit\u00e9s financi\u00e8res de leurs employeurs.&nbsp;\u00bb Dr Daniel DEDJI, Expert en sociologie des organisations et gouvernance, consultant-formateur \u00ab&nbsp;J\u2019ai retenu beaucoup de choses de cette formation \u00e0 savoir entre autres les diff\u00e9rents types de ressources, les strat\u00e9gies de mobilisation des ressources, l\u2019\u00e9quipe de mobilisation de ressources et l\u2019intelligence financi\u00e8re. Les notions re\u00e7ues au cours de la formation notamment l\u2019intelligence financi\u00e8re me seront tr\u00e8s utiles car je dois mobiliser davantage de ressources pour mes activit\u00e9s personnelles.&nbsp;\u00bb Bricette LODJO, sociologue et enseignante \u00ab&nbsp;La classification des diff\u00e9rents partenaires qu\u2019ils soient techniques ou financiers, les diff\u00e9rents fournisseurs de ressources tant sur le plan national qu\u2019international, voil\u00e0 quelques points cl\u00e9s que je retiens de notre formation. Je compte utiliser ces connaissances dans le cadre de mes activit\u00e9s professionnelles ou communautaires.&nbsp;\u00bb Adj\u00e9i KPONON, Collaborateur au Journal Educ\u2019Action \u00ab&nbsp;C\u2019\u00e9tait une formation tr\u00e8s riche. Je pensais conna\u00eetre beaucoup de choses mais la formation m\u2019a v\u00e9ritablement ouvert les yeux. L\u2019une des choses qui m\u2019a particuli\u00e8rement marqu\u00e9, c\u2019est le travail en \u00e9quipe. Une mobilisation des ressources efficace ne peut que se faire qu\u2019en \u00e9quipe. Je r\u00e9fl\u00e9chis d\u00e9j\u00e0 aux personnes avec lesquelles je dois travailler pour relever ce d\u00e9fi de mobilisation des ressources.&nbsp;\u00bb Janvier DJOGBENOU, Responsable communication et mobilisation du Groupe biblique des \u00e9l\u00e8ves et \u00e9tudiants du B\u00e9nin<\/p>","protected":false},"author":1,"featured_media":1978,"comment_status":"open","ping_status":"closed","sticky":false,"template":"","format":"standard","meta":{"give_campaign_id":0,"footnotes":""},"categories":[1],"tags":[],"class_list":["post-1987","post","type-post","status-publish","format-standard","has-post-thumbnail","hentry","category-non-classe"],"_links":{"self":[{"href":"https:\/\/pamoja-education-network.org\/en\/wp-json\/wp\/v2\/posts\/1987","targetHints":{"allow":["GET"]}}],"collection":[{"href":"https:\/\/pamoja-education-network.org\/en\/wp-json\/wp\/v2\/posts"}],"about":[{"href":"https:\/\/pamoja-education-network.org\/en\/wp-json\/wp\/v2\/types\/post"}],"author":[{"embeddable":true,"href":"https:\/\/pamoja-education-network.org\/en\/wp-json\/wp\/v2\/users\/1"}],"replies":[{"embeddable":true,"href":"https:\/\/pamoja-education-network.org\/en\/wp-json\/wp\/v2\/comments?post=1987"}],"version-history":[{"count":1,"href":"https:\/\/pamoja-education-network.org\/en\/wp-json\/wp\/v2\/posts\/1987\/revisions"}],"predecessor-version":[{"id":1988,"href":"https:\/\/pamoja-education-network.org\/en\/wp-json\/wp\/v2\/posts\/1987\/revisions\/1988"}],"wp:featuredmedia":[{"embeddable":true,"href":"https:\/\/pamoja-education-network.org\/en\/wp-json\/wp\/v2\/media\/1978"}],"wp:attachment":[{"href":"https:\/\/pamoja-education-network.org\/en\/wp-json\/wp\/v2\/media?parent=1987"}],"wp:term":[{"taxonomy":"category","embeddable":true,"href":"https:\/\/pamoja-education-network.org\/en\/wp-json\/wp\/v2\/categories?post=1987"},{"taxonomy":"post_tag","embeddable":true,"href":"https:\/\/pamoja-education-network.org\/en\/wp-json\/wp\/v2\/tags?post=1987"}],"curies":[{"name":"wp","href":"https:\/\/api.w.org\/{rel}","templated":true}]}}