{"id":2002,"date":"2024-06-26T09:44:38","date_gmt":"2024-06-26T08:44:38","guid":{"rendered":"https:\/\/pamoja-education-network.org\/?p=2002"},"modified":"2024-07-24T23:35:26","modified_gmt":"2024-07-24T22:35:26","slug":"renforcement-de-la-cooperation-avec-les-ptf-le-comite-national-de-plaidoyer-du-tchad-echange-avec-le-buco-pays","status":"publish","type":"post","link":"https:\/\/pamoja-education-network.org\/en\/renforcement-de-la-cooperation-avec-les-ptf-le-comite-national-de-plaidoyer-du-tchad-echange-avec-le-buco-pays\/","title":{"rendered":"Renforcement de la coop\u00e9ration avec les PTF, le Comit\u00e9 National de Plaidoyer du Tchad \u00e9change avec le BUCO-Pays"},"content":{"rendered":"<p>Le 20 juin 2024, les membres du Comit\u00e9 National de Plaidoyer et de Communication du Tchad ont \u00e9t\u00e9 re\u00e7us au Bureau de la Coop\u00e9ration Suisse \u00e0 N\u2019Djamena, o\u00f9 ils ont pr\u00e9sent\u00e9 le plan d\u2019action 2024 et demand\u00e9 l\u2019appui de la Coop\u00e9ration Suisse pour une mise en \u0153uvre efficace des activit\u00e9s programm\u00e9es.<\/p>\n\n\n\n<p>Plusieurs autres sujets ont aliment\u00e9 les \u00e9changes entre la Coop\u00e9ration Suisse Tchad et le Comit\u00e9. Il s\u2019agit entre autres du d\u00e9fi de responsabilisation des laur\u00e9ats de Master en Conception et Gestion des Innovations P\u00e9dagogiques (CGIP) par le Minist\u00e8re de l\u2019Education dans les services correspondant \u00e0 leurs profils, la situation acad\u00e9mique de certains \u00e9tudiants de la deuxi\u00e8me promotion de Master, les difficult\u00e9s rencontr\u00e9es par le pool des formateurs de l\u2019IFAENF dans l\u2019organisation des sessions d\u00e9localis\u00e9es de formations continues et l\u2019implication du Comit\u00e9 de plaidoyer dans les activit\u00e9s de la Coop\u00e9ration Suisse au-del\u00e0 du PRAQUE-AO et de sa phase actuelle.<\/p>\n\n\n\n<p>Apr\u00e8s avoir suivi avec attention tous ces points soulev\u00e9s, le Charg\u00e9 de Programme Education a f\u00e9licit\u00e9 le Comit\u00e9 national de plaidoyer du Tchad pour cette belle initiative qui permet \u00e0 la Coop\u00e9ration Suisse d\u2019\u00eatre inform\u00e9e sur les actions de plaidoyer men\u00e9es au niveau national.<\/p>\n\n\n\n<p>Pour lui, les Comit\u00e9s nationaux de plaidoyer constituent un instrument pr\u00e9cieux d\u2019action en faveur de la qualit\u00e9 de l\u2019\u00e9ducation dans les pays d\u2019intervention. \u201cIl faut cependant, \u00e0 l\u2019approche de la fin de phase du PRAQUE-AO, \u00e9tendre leurs comp\u00e9tences sur d\u2019autres actions de la Coop\u00e9ration Suisse qui n\u00e9cessiteraient des appuis en termes de plaidoyer et de communication\u201d, recommande Moyana KLADOUM.<\/p>\n\n\n\n<p>Au sujet des cadres form\u00e9s en Master CGIP \u00e0 l\u2019ENS de Niamey, le Charg\u00e9 de programme Education, promet saisir les autorit\u00e9s en charge de l\u2019Education nationale afin que ces laur\u00e9ats soient positionn\u00e9s \u00e0 des postes de responsabilit\u00e9 leur permettant de faire valoir les acquis de leur formation. Il demande \u00e9galement au Comit\u00e9 national de plaidoyer de fournir \u00e0 la Coop\u00e9ration Suisse une base de donn\u00e9es sur ces laur\u00e9ats afin d\u2019appr\u00e9cier, apr\u00e8s la formation, leurs positions respectives dans les services de l\u2019Etat.<\/p>\n\n\n\n<p>Enfin, le Charg\u00e9 de programme Education rassure le Comit\u00e9 de la disponibilit\u00e9 de la Coop\u00e9ration Suisse \u00e0 l\u2019accompagner dans ses activit\u00e9s et, au-del\u00e0, de son implication dans d\u2019autres cadres de concertation le moment venu, s\u2019il le faut.<\/p>","protected":false},"excerpt":{"rendered":"<p>Le 20 juin 2024, les membres du Comit\u00e9 National de Plaidoyer et de Communication du Tchad ont \u00e9t\u00e9 re\u00e7us au Bureau de la Coop\u00e9ration Suisse \u00e0 N\u2019Djamena, o\u00f9 ils ont pr\u00e9sent\u00e9 le plan d\u2019action 2024 et demand\u00e9 l\u2019appui de la Coop\u00e9ration Suisse pour une mise en \u0153uvre efficace des activit\u00e9s programm\u00e9es. Plusieurs autres sujets ont aliment\u00e9 les \u00e9changes entre la Coop\u00e9ration Suisse Tchad et le Comit\u00e9. Il s\u2019agit entre autres du d\u00e9fi de responsabilisation des laur\u00e9ats de Master en Conception et Gestion des Innovations P\u00e9dagogiques (CGIP) par le Minist\u00e8re de l\u2019Education dans les services correspondant \u00e0 leurs profils, la situation acad\u00e9mique de certains \u00e9tudiants de la deuxi\u00e8me promotion de Master, les difficult\u00e9s rencontr\u00e9es par le pool des formateurs de l\u2019IFAENF dans l\u2019organisation des sessions d\u00e9localis\u00e9es de formations continues et l\u2019implication du Comit\u00e9 de plaidoyer dans les activit\u00e9s de la Coop\u00e9ration Suisse au-del\u00e0 du PRAQUE-AO et de sa phase actuelle. Apr\u00e8s avoir suivi avec attention tous ces points soulev\u00e9s, le Charg\u00e9 de Programme Education a f\u00e9licit\u00e9 le Comit\u00e9 national de plaidoyer du Tchad pour cette belle initiative qui permet \u00e0 la Coop\u00e9ration Suisse d\u2019\u00eatre inform\u00e9e sur les actions de plaidoyer men\u00e9es au niveau national. Pour lui, les Comit\u00e9s nationaux de plaidoyer constituent un instrument pr\u00e9cieux d\u2019action en faveur de la qualit\u00e9 de l\u2019\u00e9ducation dans les pays d\u2019intervention. \u201cIl faut cependant, \u00e0 l\u2019approche de la fin de phase du PRAQUE-AO, \u00e9tendre leurs comp\u00e9tences sur d\u2019autres actions de la Coop\u00e9ration Suisse qui n\u00e9cessiteraient des appuis en termes de plaidoyer et de communication\u201d, recommande Moyana KLADOUM. Au sujet des cadres form\u00e9s en Master CGIP \u00e0 l\u2019ENS de Niamey, le Charg\u00e9 de programme Education, promet saisir les autorit\u00e9s en charge de l\u2019Education nationale afin que ces laur\u00e9ats soient positionn\u00e9s \u00e0 des postes de responsabilit\u00e9 leur permettant de faire valoir les acquis de leur formation. Il demande \u00e9galement au Comit\u00e9 national de plaidoyer de fournir \u00e0 la Coop\u00e9ration Suisse une base de donn\u00e9es sur ces laur\u00e9ats afin d\u2019appr\u00e9cier, apr\u00e8s la formation, leurs positions respectives dans les services de l\u2019Etat. Enfin, le Charg\u00e9 de programme Education rassure le Comit\u00e9 de la disponibilit\u00e9 de la Coop\u00e9ration Suisse \u00e0 l\u2019accompagner dans ses activit\u00e9s et, au-del\u00e0, de son implication dans d\u2019autres cadres de concertation le moment venu, s\u2019il le faut.<\/p>","protected":false},"author":1,"featured_media":2003,"comment_status":"open","ping_status":"closed","sticky":false,"template":"","format":"standard","meta":{"give_campaign_id":0,"footnotes":""},"categories":[1],"tags":[],"class_list":["post-2002","post","type-post","status-publish","format-standard","has-post-thumbnail","hentry","category-non-classe"],"_links":{"self":[{"href":"https:\/\/pamoja-education-network.org\/en\/wp-json\/wp\/v2\/posts\/2002","targetHints":{"allow":["GET"]}}],"collection":[{"href":"https:\/\/pamoja-education-network.org\/en\/wp-json\/wp\/v2\/posts"}],"about":[{"href":"https:\/\/pamoja-education-network.org\/en\/wp-json\/wp\/v2\/types\/post"}],"author":[{"embeddable":true,"href":"https:\/\/pamoja-education-network.org\/en\/wp-json\/wp\/v2\/users\/1"}],"replies":[{"embeddable":true,"href":"https:\/\/pamoja-education-network.org\/en\/wp-json\/wp\/v2\/comments?post=2002"}],"version-history":[{"count":1,"href":"https:\/\/pamoja-education-network.org\/en\/wp-json\/wp\/v2\/posts\/2002\/revisions"}],"predecessor-version":[{"id":2004,"href":"https:\/\/pamoja-education-network.org\/en\/wp-json\/wp\/v2\/posts\/2002\/revisions\/2004"}],"wp:featuredmedia":[{"embeddable":true,"href":"https:\/\/pamoja-education-network.org\/en\/wp-json\/wp\/v2\/media\/2003"}],"wp:attachment":[{"href":"https:\/\/pamoja-education-network.org\/en\/wp-json\/wp\/v2\/media?parent=2002"}],"wp:term":[{"taxonomy":"category","embeddable":true,"href":"https:\/\/pamoja-education-network.org\/en\/wp-json\/wp\/v2\/categories?post=2002"},{"taxonomy":"post_tag","embeddable":true,"href":"https:\/\/pamoja-education-network.org\/en\/wp-json\/wp\/v2\/tags?post=2002"}],"curies":[{"name":"wp","href":"https:\/\/api.w.org\/{rel}","templated":true}]}}