{"id":2180,"date":"2025-05-09T17:00:00","date_gmt":"2025-05-09T16:00:00","guid":{"rendered":"https:\/\/pamoja-education-network.org\/?p=2180"},"modified":"2025-05-09T17:00:00","modified_gmt":"2025-05-09T16:00:00","slug":"hommage-a-mme-blandine-codjia-agossou-une-alliee-inestimable-de-leducation-et-de-legalite-au-benin","status":"publish","type":"post","link":"https:\/\/pamoja-education-network.org\/en\/hommage-a-mme-blandine-codjia-agossou-une-alliee-inestimable-de-leducation-et-de-legalite-au-benin\/","title":{"rendered":"Hommage \u00e0 Mme Blandine CODJIA AGOSSOU : une alli\u00e9e inestimable de l\u2019\u00e9ducation et de l\u2019\u00e9galit\u00e9 au B\u00e9nin"},"content":{"rendered":"<h3 class=\"wp-block-heading\"><\/h3>\n\n\n\n<p>Le r\u00e9seau <strong>Pamoja Education<\/strong> tient \u00e0 exprimer toute sa reconnaissance \u00e0 <strong>Mme Blandine CODJIA AGOSSOU<\/strong>, admise \u00e0 faire valoir ses droits \u00e0 la retraite le 30 avril 2025, apr\u00e8s <strong>31 ann\u00e9es de d\u00e9vouement exemplaire au service du d\u00e9veloppement au B\u00e9nin<\/strong>.<\/p>\n\n\n\n<p>En poste depuis 2012 au sein du <strong>Bureau de la Coop\u00e9ration suisse au B\u00e9nin<\/strong>, Mme Blandine a assum\u00e9 avec rigueur et passion les fonctions de <strong>Charg\u00e9e de programme Genre et \u00c9ducation<\/strong>. Elle a \u00e9t\u00e9, tout au long de ces ann\u00e9es, une interlocutrice pr\u00e9cieuse et une partenaire strat\u00e9gique dans la mise en \u0153uvre de nombreuses initiatives en faveur de l\u2019\u00e9ducation non formelle, de l\u2019alphab\u00e9tisation et de l\u2019autonomisation des femmes.<\/p>\n\n\n\n<p>\u00c0 travers son engagement constant, son \u00e9coute bienveillante et sa compr\u00e9hension profonde des r\u00e9alit\u00e9s du terrain, Mme Blandine a su accompagner, appuyer et inspirer le r\u00e9seau Pamoja Education dans ses actions et plaidoyers. <strong>Son soutien n\u2019a jamais failli, m\u00eame dans les contextes les plus exigeants.<\/strong><\/p>\n\n\n\n<p>Nous garderons d\u2019elle <strong>l\u2019image d\u2019une femme de conviction, profond\u00e9ment humaine, professionnelle et engag\u00e9e<\/strong>, qui a su faire de son r\u00f4le un v\u00e9ritable levier de changement en faveur des plus vuln\u00e9rables.<\/p>\n\n\n\n<p>\u00c0 l\u2019occasion de la c\u00e9r\u00e9monie d\u2019au revoir organis\u00e9e le 8 mai 2025 par la Coop\u00e9ration suisse, les membres de Pamoja Education ont tenu \u00e0 lui adresser un hommage chaleureux. Ce fut un moment d\u2019\u00e9motion et de gratitude, \u00e0 la hauteur de l\u2019empreinte qu\u2019elle laisse dans nos c\u0153urs et dans nos projets.<\/p>\n\n\n\n<p><strong>Ch\u00e8re Mme Blandine, vous avez marqu\u00e9 des g\u00e9n\u00e9rations d\u2019acteurs et d\u2019actrices de l\u2019\u00e9ducation.<\/strong> Nous vous souhaitons une retraite paisible, riche en moments de joie, de sant\u00e9 et de s\u00e9r\u00e9nit\u00e9. Que cette nouvelle \u00e9tape de votre vie soit \u00e0 la hauteur de votre engagement pass\u00e9 : remplie de lumi\u00e8re et de reconnaissance.<\/p>\n\n\n\n<p><em>Merci pour tout. Vous resterez toujours une amie de la famille Pamoja.<\/em><\/p>","protected":false},"excerpt":{"rendered":"<p>Le r\u00e9seau Pamoja Education tient \u00e0 exprimer toute sa reconnaissance \u00e0 Mme Blandine CODJIA AGOSSOU, admise \u00e0 faire valoir ses droits \u00e0 la retraite le 30 avril 2025, apr\u00e8s 31 ann\u00e9es de d\u00e9vouement exemplaire au service du d\u00e9veloppement au B\u00e9nin. En poste depuis 2012 au sein du Bureau de la Coop\u00e9ration suisse au B\u00e9nin, Mme Blandine a assum\u00e9 avec rigueur et passion les fonctions de Charg\u00e9e de programme Genre et \u00c9ducation. Elle a \u00e9t\u00e9, tout au long de ces ann\u00e9es, une interlocutrice pr\u00e9cieuse et une partenaire strat\u00e9gique dans la mise en \u0153uvre de nombreuses initiatives en faveur de l\u2019\u00e9ducation non formelle, de l\u2019alphab\u00e9tisation et de l\u2019autonomisation des femmes. \u00c0 travers son engagement constant, son \u00e9coute bienveillante et sa compr\u00e9hension profonde des r\u00e9alit\u00e9s du terrain, Mme Blandine a su accompagner, appuyer et inspirer le r\u00e9seau Pamoja Education dans ses actions et plaidoyers. Son soutien n\u2019a jamais failli, m\u00eame dans les contextes les plus exigeants. Nous garderons d\u2019elle l\u2019image d\u2019une femme de conviction, profond\u00e9ment humaine, professionnelle et engag\u00e9e, qui a su faire de son r\u00f4le un v\u00e9ritable levier de changement en faveur des plus vuln\u00e9rables. \u00c0 l\u2019occasion de la c\u00e9r\u00e9monie d\u2019au revoir organis\u00e9e le 8 mai 2025 par la Coop\u00e9ration suisse, les membres de Pamoja Education ont tenu \u00e0 lui adresser un hommage chaleureux. Ce fut un moment d\u2019\u00e9motion et de gratitude, \u00e0 la hauteur de l\u2019empreinte qu\u2019elle laisse dans nos c\u0153urs et dans nos projets. Ch\u00e8re Mme Blandine, vous avez marqu\u00e9 des g\u00e9n\u00e9rations d\u2019acteurs et d\u2019actrices de l\u2019\u00e9ducation. Nous vous souhaitons une retraite paisible, riche en moments de joie, de sant\u00e9 et de s\u00e9r\u00e9nit\u00e9. Que cette nouvelle \u00e9tape de votre vie soit \u00e0 la hauteur de votre engagement pass\u00e9 : remplie de lumi\u00e8re et de reconnaissance. Merci pour tout. Vous resterez toujours une amie de la famille Pamoja.<\/p>","protected":false},"author":1,"featured_media":2181,"comment_status":"closed","ping_status":"closed","sticky":false,"template":"","format":"standard","meta":{"give_campaign_id":0,"footnotes":""},"categories":[88,87,89],"tags":[94,92],"class_list":["post-2180","post","type-post","status-publish","format-standard","has-post-thumbnail","hentry","category-biblotheque","category-notre-action","category-plaidoyer","tag-ddc","tag-odd4"],"_links":{"self":[{"href":"https:\/\/pamoja-education-network.org\/en\/wp-json\/wp\/v2\/posts\/2180","targetHints":{"allow":["GET"]}}],"collection":[{"href":"https:\/\/pamoja-education-network.org\/en\/wp-json\/wp\/v2\/posts"}],"about":[{"href":"https:\/\/pamoja-education-network.org\/en\/wp-json\/wp\/v2\/types\/post"}],"author":[{"embeddable":true,"href":"https:\/\/pamoja-education-network.org\/en\/wp-json\/wp\/v2\/users\/1"}],"replies":[{"embeddable":true,"href":"https:\/\/pamoja-education-network.org\/en\/wp-json\/wp\/v2\/comments?post=2180"}],"version-history":[{"count":1,"href":"https:\/\/pamoja-education-network.org\/en\/wp-json\/wp\/v2\/posts\/2180\/revisions"}],"predecessor-version":[{"id":2182,"href":"https:\/\/pamoja-education-network.org\/en\/wp-json\/wp\/v2\/posts\/2180\/revisions\/2182"}],"wp:featuredmedia":[{"embeddable":true,"href":"https:\/\/pamoja-education-network.org\/en\/wp-json\/wp\/v2\/media\/2181"}],"wp:attachment":[{"href":"https:\/\/pamoja-education-network.org\/en\/wp-json\/wp\/v2\/media?parent=2180"}],"wp:term":[{"taxonomy":"category","embeddable":true,"href":"https:\/\/pamoja-education-network.org\/en\/wp-json\/wp\/v2\/categories?post=2180"},{"taxonomy":"post_tag","embeddable":true,"href":"https:\/\/pamoja-education-network.org\/en\/wp-json\/wp\/v2\/tags?post=2180"}],"curies":[{"name":"wp","href":"https:\/\/api.w.org\/{rel}","templated":true}]}}