{"id":2194,"date":"2025-05-17T21:12:39","date_gmt":"2025-05-17T20:12:39","guid":{"rendered":"https:\/\/pamoja-education-network.org\/?p=2194"},"modified":"2025-05-17T21:19:13","modified_gmt":"2025-05-17T20:19:13","slug":"webinaire-smae-2025-le-role-des-educateurs-dans-la-protection-du-droit-a-leducation-en-situation-durgence","status":"publish","type":"post","link":"https:\/\/pamoja-education-network.org\/en\/webinaire-smae-2025-le-role-des-educateurs-dans-la-protection-du-droit-a-leducation-en-situation-durgence\/","title":{"rendered":""},"content":{"rendered":"\n<p>Dans le cadre de la <strong>Semaine Mondiale d\u2019Action pour l\u2019\u00c9ducation (SMAE) 2025<\/strong>, plac\u00e9e sous le th\u00e8me <strong>\u00ab Prot\u00e9ger l&rsquo;\u00e9ducation en cas d&rsquo;urgence \u00bb<\/strong>, le r\u00e9seau <strong>Pamoja Education<\/strong> organise un webinaire de r\u00e9flexion et de partage d\u2019exp\u00e9riences sur une question cruciale :<br><strong>\u00ab Le r\u00f4le des \u00e9ducateurs dans la protection du droit \u00e0 l\u2019\u00e9ducation en situation d\u2019urgence \u00bb<\/strong><\/p>\n\n\n\n<p>\ud83d\udd36 <strong>Date<\/strong> : Mardi 20 mai 2025<br>\ud83d\udd52 <strong>Heure<\/strong> : 11h30 \u00e0 01h00 GMT<br>\ud83d\udccd <strong>Lieu<\/strong> : En ligne (via Zoom)<br>\ud83d\udd17 <strong>Lien d&rsquo;inscription<\/strong> : <a> <a href=\"https:\/\/us06web.zoom.us\/meeting\/register\/0-RStbA-T_ywM1DMviJrCg?fbclid=IwZXh0bgNhZW0CMTAAYnJpZBExaEhic2lGQTdLZFl1MEhwdQEe1frENNn_NpZuAQmwMaAP1S2E8BdwrCXq-rN_dDKb9qEyFOh6yDnLR3aueio_aem_mUjjFXicecNkAVSO3PAoJg\" target=\"_blank\" rel=\"noreferrer noopener\">https:\/\/us06web.zoom.us\/&#8230;\/register\/0-RStbA-T_ywM1DMviJrCg<\/a><\/a><\/p>\n\n\n\n<p>Ce webinaire vise \u00e0 mettre en lumi\u00e8re le r\u00f4le essentiel des \u00e9ducateurs et \u00e9ducatrices dans le maintien du droit \u00e0 l\u2019\u00e9ducation, m\u00eame dans les contextes les plus difficiles : conflits, catastrophes naturelles, crises sanitaires, d\u00e9placements forc\u00e9s, etc.<\/p>\n\n\n\n<p><strong>Objectifs principaux :<\/strong><\/p>\n\n\n\n<ul class=\"wp-block-list\">\n<li>Analyser les d\u00e9fis rencontr\u00e9s par les \u00e9ducateurs en situation d\u2019urgence<\/li>\n\n\n\n<li>Valoriser les initiatives locales et les bonnes pratiques<\/li>\n\n\n\n<li>Proposer des recommandations pour un appui accru aux acteurs \u00e9ducatifs en contexte de crise<\/li>\n<\/ul>\n\n\n\n<p>Des membres de Pamoja et d\u2019autres parties prenantes de la soci\u00e9t\u00e9 civile engag\u00e9es dans l\u2019\u00e9ducation y partageront leurs perspectives et exp\u00e9riences issues du terrain.<\/p>\n\n\n\n<p>\ud83d\udce2 <strong>Nous invitons tous les acteurs de l\u2019\u00e9ducation, les d\u00e9cideurs, les partenaires techniques et financiers, les OSC et toute personne int\u00e9ress\u00e9e \u00e0 rejoindre cette conversation engag\u00e9e pour une \u00e9ducation inclusive, r\u00e9siliente et durable.<\/strong><\/p>\n\n\n\n<p><\/p>\n\n\n\n<p><a href=\"https:\/\/www.facebook.com\/hashtag\/smae2025?__eep__=6&amp;__cft__[0]=AZXT51rYIGg3hVNqcittGdaR4LJ2p-MqM5B8wjNq1jd-Ys-ob9s_2DlDzmEilrg8LSrl8aFM7RxVpF8E-ih_3b_TDx9VkVGgmDALpSjJd-TKvQ-oFanzDutg3fBc0uX08iErVFePSvbO-vijdXFefUNntfa4aHNCB_SS6rJ3dqNJXVT-l2iHf_qtpSmiC2rIP8qbTGQ3KhWk_ViOMKhrl5d2&amp;__tn__=*NK-R\">#SMAE2025<\/a><a href=\"https:\/\/www.facebook.com\/hashtag\/droit%C3%A0leducation?__eep__=6&amp;__cft__[0]=AZXT51rYIGg3hVNqcittGdaR4LJ2p-MqM5B8wjNq1jd-Ys-ob9s_2DlDzmEilrg8LSrl8aFM7RxVpF8E-ih_3b_TDx9VkVGgmDALpSjJd-TKvQ-oFanzDutg3fBc0uX08iErVFePSvbO-vijdXFefUNntfa4aHNCB_SS6rJ3dqNJXVT-l2iHf_qtpSmiC2rIP8qbTGQ3KhWk_ViOMKhrl5d2&amp;__tn__=*NK-R\">#Droit\u00c0LEducation<\/a><a href=\"https:\/\/www.facebook.com\/hashtag\/%C3%A9ducationenurgence?__eep__=6&amp;__cft__[0]=AZXT51rYIGg3hVNqcittGdaR4LJ2p-MqM5B8wjNq1jd-Ys-ob9s_2DlDzmEilrg8LSrl8aFM7RxVpF8E-ih_3b_TDx9VkVGgmDALpSjJd-TKvQ-oFanzDutg3fBc0uX08iErVFePSvbO-vijdXFefUNntfa4aHNCB_SS6rJ3dqNJXVT-l2iHf_qtpSmiC2rIP8qbTGQ3KhWk_ViOMKhrl5d2&amp;__tn__=*NK-R\">#\u00c9ducationEnUrgence<\/a><a href=\"https:\/\/www.facebook.com\/hashtag\/pamojaeducation?__eep__=6&amp;__cft__[0]=AZXT51rYIGg3hVNqcittGdaR4LJ2p-MqM5B8wjNq1jd-Ys-ob9s_2DlDzmEilrg8LSrl8aFM7RxVpF8E-ih_3b_TDx9VkVGgmDALpSjJd-TKvQ-oFanzDutg3fBc0uX08iErVFePSvbO-vijdXFefUNntfa4aHNCB_SS6rJ3dqNJXVT-l2iHf_qtpSmiC2rIP8qbTGQ3KhWk_ViOMKhrl5d2&amp;__tn__=*NK-R\">#PamojaEducation<\/a><a href=\"https:\/\/www.facebook.com\/hashtag\/webinaire?__eep__=6&amp;__cft__[0]=AZXT51rYIGg3hVNqcittGdaR4LJ2p-MqM5B8wjNq1jd-Ys-ob9s_2DlDzmEilrg8LSrl8aFM7RxVpF8E-ih_3b_TDx9VkVGgmDALpSjJd-TKvQ-oFanzDutg3fBc0uX08iErVFePSvbO-vijdXFefUNntfa4aHNCB_SS6rJ3dqNJXVT-l2iHf_qtpSmiC2rIP8qbTGQ3KhWk_ViOMKhrl5d2&amp;__tn__=*NK-R\">#Webinaire<\/a><\/p>\n","protected":false},"excerpt":{"rendered":"<p>Dans le cadre de la Semaine Mondiale d\u2019Action pour l\u2019\u00c9ducation (SMAE) 2025, plac\u00e9e sous le th\u00e8me \u00ab Prot\u00e9ger l&rsquo;\u00e9ducation en cas d&rsquo;urgence \u00bb, le r\u00e9seau Pamoja Education organise un webinaire de r\u00e9flexion et de partage d\u2019exp\u00e9riences sur une question cruciale :\u00ab Le r\u00f4le des \u00e9ducateurs dans la protection du droit \u00e0 l\u2019\u00e9ducation en situation d\u2019urgence \u00bb \ud83d\udd36 Date : Mardi 20 mai 2025\ud83d\udd52 Heure : 11h30 \u00e0 01h00 GMT\ud83d\udccd Lieu : En ligne (via Zoom)\ud83d\udd17 Lien d&rsquo;inscription : https:\/\/us06web.zoom.us\/&#8230;\/register\/0-RStbA-T_ywM1DMviJrCg Ce webinaire vise \u00e0 mettre en lumi\u00e8re le r\u00f4le essentiel des \u00e9ducateurs et \u00e9ducatrices dans le maintien du droit \u00e0 l\u2019\u00e9ducation, m\u00eame dans les contextes les plus difficiles : conflits, catastrophes naturelles, crises sanitaires, d\u00e9placements forc\u00e9s, etc. Objectifs principaux : Des membres de Pamoja et d\u2019autres parties prenantes de la soci\u00e9t\u00e9 civile engag\u00e9es dans l\u2019\u00e9ducation y partageront leurs perspectives et exp\u00e9riences issues du terrain. \ud83d\udce2 Nous invitons tous les acteurs de l\u2019\u00e9ducation, les d\u00e9cideurs, les partenaires techniques et financiers, les OSC et toute personne int\u00e9ress\u00e9e \u00e0 rejoindre cette conversation engag\u00e9e pour une \u00e9ducation inclusive, r\u00e9siliente et durable. #SMAE2025#Droit\u00c0LEducation#\u00c9ducationEnUrgence#PamojaEducation#Webinaire<\/p>","protected":false},"author":1,"featured_media":2193,"comment_status":"closed","ping_status":"closed","sticky":false,"template":"","format":"standard","meta":{"give_campaign_id":0,"footnotes":""},"categories":[88,90,1,89],"tags":[98],"class_list":["post-2194","post","type-post","status-publish","format-standard","has-post-thumbnail","hentry","category-biblotheque","category-formation","category-non-classe","category-plaidoyer","tag-smae2025"],"_links":{"self":[{"href":"https:\/\/pamoja-education-network.org\/en\/wp-json\/wp\/v2\/posts\/2194","targetHints":{"allow":["GET"]}}],"collection":[{"href":"https:\/\/pamoja-education-network.org\/en\/wp-json\/wp\/v2\/posts"}],"about":[{"href":"https:\/\/pamoja-education-network.org\/en\/wp-json\/wp\/v2\/types\/post"}],"author":[{"embeddable":true,"href":"https:\/\/pamoja-education-network.org\/en\/wp-json\/wp\/v2\/users\/1"}],"replies":[{"embeddable":true,"href":"https:\/\/pamoja-education-network.org\/en\/wp-json\/wp\/v2\/comments?post=2194"}],"version-history":[{"count":2,"href":"https:\/\/pamoja-education-network.org\/en\/wp-json\/wp\/v2\/posts\/2194\/revisions"}],"predecessor-version":[{"id":2196,"href":"https:\/\/pamoja-education-network.org\/en\/wp-json\/wp\/v2\/posts\/2194\/revisions\/2196"}],"wp:featuredmedia":[{"embeddable":true,"href":"https:\/\/pamoja-education-network.org\/en\/wp-json\/wp\/v2\/media\/2193"}],"wp:attachment":[{"href":"https:\/\/pamoja-education-network.org\/en\/wp-json\/wp\/v2\/media?parent=2194"}],"wp:term":[{"taxonomy":"category","embeddable":true,"href":"https:\/\/pamoja-education-network.org\/en\/wp-json\/wp\/v2\/categories?post=2194"},{"taxonomy":"post_tag","embeddable":true,"href":"https:\/\/pamoja-education-network.org\/en\/wp-json\/wp\/v2\/tags?post=2194"}],"curies":[{"name":"wp","href":"https:\/\/api.w.org\/{rel}","templated":true}]}}