{"id":2251,"date":"2025-07-25T16:54:15","date_gmt":"2025-07-25T15:54:15","guid":{"rendered":"https:\/\/pamoja-education-network.org\/?p=2251"},"modified":"2025-07-25T16:57:35","modified_gmt":"2025-07-25T15:57:35","slug":"renforcement-des-capacites-en-alphabetisation-transformationnelle-gropere-mise-sur-lapproche-reflect-et-les-clubs-decoute-communautaire","status":"publish","type":"post","link":"https:\/\/pamoja-education-network.org\/en\/renforcement-des-capacites-en-alphabetisation-transformationnelle-gropere-mise-sur-lapproche-reflect-et-les-clubs-decoute-communautaire\/","title":{"rendered":"Renforcement des capacit\u00e9s en alphab\u00e9tisation transformationnelle : GROPERE mise sur l\u2019approche Reflect et les Clubs d\u2019\u00c9coute Communautaire"},"content":{"rendered":"\n<p>Dans le cadre de la mise en \u0153uvre du programme <em>ProSAD<\/em> (Programme des Syst\u00e8mes Alimentaires Durables) soutenu par Louvain Coop\u00e9ration, l\u2019ONG GROPERE a franchi une nouvelle \u00e9tape dans la dynamisation de ses initiatives d\u2019alphab\u00e9tisation fonctionnelle dans le d\u00e9partement du Mono au B\u00e9nin. En effet, du 18 au 27 juin 2025, l\u2019\u00e9quipe technique de GROPERE et les facilitateurs des centres d\u2019alphab\u00e9tisation ont b\u00e9n\u00e9fici\u00e9 d\u2019une formation intensive sur l\u2019approche Reflect et la gestion des Clubs d\u2019\u00c9coute Communautaire (CEC), avec l\u2019appui technique de Pamoja Education.<\/p>\n\n\n\n<figure class=\"wp-block-image size-large\"><img fetchpriority=\"high\" decoding=\"async\" width=\"1024\" height=\"768\" src=\"https:\/\/pamoja-education-network.org\/wp-content\/uploads\/2025\/07\/Photo-de-famille-des-participants-1024x768.jpg\" alt=\"\" class=\"wp-image-2253\" srcset=\"https:\/\/pamoja-education-network.org\/wp-content\/uploads\/2025\/07\/Photo-de-famille-des-participants-1024x768.jpg 1024w, https:\/\/pamoja-education-network.org\/wp-content\/uploads\/2025\/07\/Photo-de-famille-des-participants-300x225.jpg 300w, https:\/\/pamoja-education-network.org\/wp-content\/uploads\/2025\/07\/Photo-de-famille-des-participants-768x576.jpg 768w, https:\/\/pamoja-education-network.org\/wp-content\/uploads\/2025\/07\/Photo-de-famille-des-participants-16x12.jpg 16w, https:\/\/pamoja-education-network.org\/wp-content\/uploads\/2025\/07\/Photo-de-famille-des-participants.jpg 1280w\" sizes=\"(max-width: 1024px) 100vw, 1024px\" \/><\/figure>\n\n\n\n<p>Facilit\u00e9e par le formateur Diallo Abdoulaye de Pamoja Burkina, cette session de dix jours, tenue \u00e0 S\u00e8, a permis aux participants d\u2019explorer en profondeur les fondements th\u00e9oriques et les applications pratiques de l\u2019approche Reflect, tout en exp\u00e9rimentant des outils de la MARP tels que les cartes, le profil historique, le diagramme de classification pr\u00e9f\u00e9rentielle, l\u2019arbre \u00e0 probl\u00e8me, le diagramme de maturit\u00e9\u2026&#8230; Deux sorties de terrain dans les villages de Djondji Zounm\u00e9 et Agnito ont consolid\u00e9 les apprentissages \u00e0 travers des activit\u00e9s r\u00e9elles de diagnostic communautaire et d\u2019introduction de l\u2019alphab\u00e9tisation selon l\u2019approche Reflect.<\/p>\n\n\n\n<p>Les CEC, quant \u00e0 eux, ont \u00e9t\u00e9 pr\u00e9sent\u00e9s comme des espaces de dialogue communautaire, con\u00e7us pour faire \u00e9merger des solutions locales aux d\u00e9fis socio\u00e9conomiques. Leur compl\u00e9mentarit\u00e9 avec les cercles Reflect, notamment au niveau de la mobilisation communautaire et l\u2019\u00e9laboration des id\u00e9es d\u2019action, ouvre la voie \u00e0 des dynamiques de changement plus ancr\u00e9es dans les r\u00e9alit\u00e9s du terrain.<\/p>\n\n\n\n<p>L\u2019approche Reflect, inspir\u00e9e de la p\u00e9dagogie de l\u2019opprim\u00e9 de Paulo Freire, met l\u2019accent sur la co-construction des savoirs, la responsabilisation des apprenants et la transformation sociale. En y int\u00e9grant une forte dimension genre, GROPERE entend renforcer l\u2019autonomisation des femmes et favoriser leur pleine participation \u00e0 la gouvernance locale.<\/p>\n\n\n\n<p>L\u2019\u00e9valuation finale a r\u00e9v\u00e9l\u00e9 un taux de satisfaction de 100 %, avec une excellente appropriation des outils, de la m\u00e9thodologie, et un engagement fort \u00e0 op\u00e9rationnaliser les cercles Reflect et les CEC dans les zones d\u2019intervention. \u00c0 travers cette formation, GROPERE et Pamoja Education confirment leur ambition de faire de l\u2019alphab\u00e9tisation un levier de d\u00e9veloppement endog\u00e8ne et inclusif.<\/p>\n\n\n\n<p><a href=\"https:\/\/web.facebook.com\/hashtag\/alphab%C3%A9tisation?__eep__=6&amp;__cft__[0]=AZUT9WjqendVjYUk3xN3bR79zcr-V1sxhmTs2kst0woBGmMUqOR7q4ho7BMKUzxGSfRr355oolJ7mWT3GGHCuNl4VojHnTSVeszRr4-XFHYbQbxvqunUuj9eQXucWibSwTg&amp;__tn__=*NK-R\">#alphab\u00e9tisation<\/a> <a href=\"https:\/\/web.facebook.com\/hashtag\/reflect?__eep__=6&amp;__cft__[0]=AZUT9WjqendVjYUk3xN3bR79zcr-V1sxhmTs2kst0woBGmMUqOR7q4ho7BMKUzxGSfRr355oolJ7mWT3GGHCuNl4VojHnTSVeszRr4-XFHYbQbxvqunUuj9eQXucWibSwTg&amp;__tn__=*NK-R\">#Reflect<\/a> <a href=\"https:\/\/web.facebook.com\/hashtag\/cec?__eep__=6&amp;__cft__[0]=AZUT9WjqendVjYUk3xN3bR79zcr-V1sxhmTs2kst0woBGmMUqOR7q4ho7BMKUzxGSfRr355oolJ7mWT3GGHCuNl4VojHnTSVeszRr4-XFHYbQbxvqunUuj9eQXucWibSwTg&amp;__tn__=*NK-R\">#CEC<\/a> <a href=\"https:\/\/web.facebook.com\/hashtag\/pamojaeducation?__eep__=6&amp;__cft__[0]=AZUT9WjqendVjYUk3xN3bR79zcr-V1sxhmTs2kst0woBGmMUqOR7q4ho7BMKUzxGSfRr355oolJ7mWT3GGHCuNl4VojHnTSVeszRr4-XFHYbQbxvqunUuj9eQXucWibSwTg&amp;__tn__=*NK-R\">#PamojaEducation<\/a> <a href=\"https:\/\/web.facebook.com\/hashtag\/gropere?__eep__=6&amp;__cft__[0]=AZUT9WjqendVjYUk3xN3bR79zcr-V1sxhmTs2kst0woBGmMUqOR7q4ho7BMKUzxGSfRr355oolJ7mWT3GGHCuNl4VojHnTSVeszRr4-XFHYbQbxvqunUuj9eQXucWibSwTg&amp;__tn__=*NK-R\">#GROPERE<\/a>#LouvainCooperation#inclusion <a href=\"https:\/\/web.facebook.com\/hashtag\/%C3%A9ducationdesadultes?__eep__=6&amp;__cft__[0]=AZUT9WjqendVjYUk3xN3bR79zcr-V1sxhmTs2kst0woBGmMUqOR7q4ho7BMKUzxGSfRr355oolJ7mWT3GGHCuNl4VojHnTSVeszRr4-XFHYbQbxvqunUuj9eQXucWibSwTg&amp;__tn__=*NK-R\">#\u00e9ducationdesadultes<\/a> <a href=\"https:\/\/web.facebook.com\/hashtag\/d%C3%A9veloppementcommunautaire?__eep__=6&amp;__cft__[0]=AZUT9WjqendVjYUk3xN3bR79zcr-V1sxhmTs2kst0woBGmMUqOR7q4ho7BMKUzxGSfRr355oolJ7mWT3GGHCuNl4VojHnTSVeszRr4-XFHYbQbxvqunUuj9eQXucWibSwTg&amp;__tn__=*NK-R\">#d\u00e9veloppementcommunautaire<\/a> <a href=\"https:\/\/web.facebook.com\/hashtag\/mono?__eep__=6&amp;__cft__[0]=AZUT9WjqendVjYUk3xN3bR79zcr-V1sxhmTs2kst0woBGmMUqOR7q4ho7BMKUzxGSfRr355oolJ7mWT3GGHCuNl4VojHnTSVeszRr4-XFHYbQbxvqunUuj9eQXucWibSwTg&amp;__tn__=*NK-R\">#Mono<\/a> <a href=\"https:\/\/web.facebook.com\/hashtag\/b%C3%A9nin?__eep__=6&amp;__cft__[0]=AZUT9WjqendVjYUk3xN3bR79zcr-V1sxhmTs2kst0woBGmMUqOR7q4ho7BMKUzxGSfRr355oolJ7mWT3GGHCuNl4VojHnTSVeszRr4-XFHYbQbxvqunUuj9eQXucWibSwTg&amp;__tn__=*NK-R\">#B\u00e9nin<\/a><\/p>\n\n\n\n<figure class=\"wp-block-image size-full\"><img decoding=\"async\" width=\"1020\" height=\"460\" src=\"https:\/\/pamoja-education-network.org\/wp-content\/uploads\/2025\/07\/Photo-1ere-sortie-terrain.jpg\" alt=\"\" class=\"wp-image-2254\" srcset=\"https:\/\/pamoja-education-network.org\/wp-content\/uploads\/2025\/07\/Photo-1ere-sortie-terrain.jpg 1020w, https:\/\/pamoja-education-network.org\/wp-content\/uploads\/2025\/07\/Photo-1ere-sortie-terrain-300x135.jpg 300w, https:\/\/pamoja-education-network.org\/wp-content\/uploads\/2025\/07\/Photo-1ere-sortie-terrain-768x346.jpg 768w, https:\/\/pamoja-education-network.org\/wp-content\/uploads\/2025\/07\/Photo-1ere-sortie-terrain-18x8.jpg 18w\" sizes=\"(max-width: 1020px) 100vw, 1020px\" \/><\/figure>\n","protected":false},"excerpt":{"rendered":"<p>Dans le cadre de la mise en \u0153uvre du programme ProSAD (Programme des Syst\u00e8mes Alimentaires Durables) soutenu par Louvain Coop\u00e9ration, l\u2019ONG GROPERE a franchi une nouvelle \u00e9tape dans la dynamisation de ses initiatives d\u2019alphab\u00e9tisation fonctionnelle dans le d\u00e9partement du Mono au B\u00e9nin. En effet, du 18 au 27 juin 2025, l\u2019\u00e9quipe technique de GROPERE et les facilitateurs des centres d\u2019alphab\u00e9tisation ont b\u00e9n\u00e9fici\u00e9 d\u2019une formation intensive sur l\u2019approche Reflect et la gestion des Clubs d\u2019\u00c9coute Communautaire (CEC), avec l\u2019appui technique de Pamoja Education. Facilit\u00e9e par le formateur Diallo Abdoulaye de Pamoja Burkina, cette session de dix jours, tenue \u00e0 S\u00e8, a permis aux participants d\u2019explorer en profondeur les fondements th\u00e9oriques et les applications pratiques de l\u2019approche Reflect, tout en exp\u00e9rimentant des outils de la MARP tels que les cartes, le profil historique, le diagramme de classification pr\u00e9f\u00e9rentielle, l\u2019arbre \u00e0 probl\u00e8me, le diagramme de maturit\u00e9\u2026&#8230; Deux sorties de terrain dans les villages de Djondji Zounm\u00e9 et Agnito ont consolid\u00e9 les apprentissages \u00e0 travers des activit\u00e9s r\u00e9elles de diagnostic communautaire et d\u2019introduction de l\u2019alphab\u00e9tisation selon l\u2019approche Reflect. Les CEC, quant \u00e0 eux, ont \u00e9t\u00e9 pr\u00e9sent\u00e9s comme des espaces de dialogue communautaire, con\u00e7us pour faire \u00e9merger des solutions locales aux d\u00e9fis socio\u00e9conomiques. Leur compl\u00e9mentarit\u00e9 avec les cercles Reflect, notamment au niveau de la mobilisation communautaire et l\u2019\u00e9laboration des id\u00e9es d\u2019action, ouvre la voie \u00e0 des dynamiques de changement plus ancr\u00e9es dans les r\u00e9alit\u00e9s du terrain. L\u2019approche Reflect, inspir\u00e9e de la p\u00e9dagogie de l\u2019opprim\u00e9 de Paulo Freire, met l\u2019accent sur la co-construction des savoirs, la responsabilisation des apprenants et la transformation sociale. En y int\u00e9grant une forte dimension genre, GROPERE entend renforcer l\u2019autonomisation des femmes et favoriser leur pleine participation \u00e0 la gouvernance locale. L\u2019\u00e9valuation finale a r\u00e9v\u00e9l\u00e9 un taux de satisfaction de 100 %, avec une excellente appropriation des outils, de la m\u00e9thodologie, et un engagement fort \u00e0 op\u00e9rationnaliser les cercles Reflect et les CEC dans les zones d\u2019intervention. \u00c0 travers cette formation, GROPERE et Pamoja Education confirment leur ambition de faire de l\u2019alphab\u00e9tisation un levier de d\u00e9veloppement endog\u00e8ne et inclusif. #alphab\u00e9tisation #Reflect #CEC #PamojaEducation #GROPERE#LouvainCooperation#inclusion #\u00e9ducationdesadultes #d\u00e9veloppementcommunautaire #Mono #B\u00e9nin<\/p>","protected":false},"author":1,"featured_media":2257,"comment_status":"closed","ping_status":"closed","sticky":false,"template":"","format":"standard","meta":{"give_campaign_id":0,"footnotes":""},"categories":[90,1,89,86],"tags":[],"class_list":["post-2251","post","type-post","status-publish","format-standard","has-post-thumbnail","hentry","category-formation","category-non-classe","category-plaidoyer","category-qui-sommes-nous"],"_links":{"self":[{"href":"https:\/\/pamoja-education-network.org\/en\/wp-json\/wp\/v2\/posts\/2251","targetHints":{"allow":["GET"]}}],"collection":[{"href":"https:\/\/pamoja-education-network.org\/en\/wp-json\/wp\/v2\/posts"}],"about":[{"href":"https:\/\/pamoja-education-network.org\/en\/wp-json\/wp\/v2\/types\/post"}],"author":[{"embeddable":true,"href":"https:\/\/pamoja-education-network.org\/en\/wp-json\/wp\/v2\/users\/1"}],"replies":[{"embeddable":true,"href":"https:\/\/pamoja-education-network.org\/en\/wp-json\/wp\/v2\/comments?post=2251"}],"version-history":[{"count":2,"href":"https:\/\/pamoja-education-network.org\/en\/wp-json\/wp\/v2\/posts\/2251\/revisions"}],"predecessor-version":[{"id":2255,"href":"https:\/\/pamoja-education-network.org\/en\/wp-json\/wp\/v2\/posts\/2251\/revisions\/2255"}],"wp:featuredmedia":[{"embeddable":true,"href":"https:\/\/pamoja-education-network.org\/en\/wp-json\/wp\/v2\/media\/2257"}],"wp:attachment":[{"href":"https:\/\/pamoja-education-network.org\/en\/wp-json\/wp\/v2\/media?parent=2251"}],"wp:term":[{"taxonomy":"category","embeddable":true,"href":"https:\/\/pamoja-education-network.org\/en\/wp-json\/wp\/v2\/categories?post=2251"},{"taxonomy":"post_tag","embeddable":true,"href":"https:\/\/pamoja-education-network.org\/en\/wp-json\/wp\/v2\/tags?post=2251"}],"curies":[{"name":"wp","href":"https:\/\/api.w.org\/{rel}","templated":true}]}}