{"id":2288,"date":"2026-01-26T20:30:31","date_gmt":"2026-01-26T19:30:31","guid":{"rendered":"https:\/\/pamoja-education-network.org\/?p=2288"},"modified":"2026-01-26T20:33:08","modified_gmt":"2026-01-26T19:33:08","slug":"journee-internationale-de-leducation-2026-le-pouvoir-de-la-jeunesse-dans-la-co-creation-de-leducation","status":"publish","type":"post","link":"https:\/\/pamoja-education-network.org\/en\/journee-internationale-de-leducation-2026-le-pouvoir-de-la-jeunesse-dans-la-co-creation-de-leducation\/","title":{"rendered":"Journ\u00e9e internationale de l\u2019\u00e9ducation 2026: Le pouvoir de la jeunesse dans la co-cr\u00e9ation de l\u2019\u00e9ducation"},"content":{"rendered":"<p>\u00c0 l\u2019occasion de la <strong>Journ\u00e9e internationale de l\u2019\u00e9ducation 2026<\/strong>, plac\u00e9e sous le th\u00e8me <em>\u00ab Le pouvoir de la jeunesse dans la co-cr\u00e9ation de l\u2019\u00e9ducation \u00bb<\/em>, le <strong>r\u00e9seau Pamoja Education<\/strong> partage la <strong>note de plaidoyer de la soci\u00e9t\u00e9 civile francophone<\/strong> intitul\u00e9e : <strong> Pour une \u00e9ducation humaniste, co-cr\u00e9\u00e9e avec la jeunesse et porteuse d\u2019avenir commun \u00bb<\/strong><\/p>\n\n\n\n<blockquote class=\"wp-block-quote is-layout-flow wp-block-quote-is-layout-flow\">\n<p>Cette note rappelle avec force que l\u2019\u00e9ducation ne peut plus \u00eatre pens\u00e9e <em>pour<\/em> la jeunesse sans \u00eatre construite <em>avec<\/em> elle. Face aux crises multiples que traversent les syst\u00e8mes \u00e9ducatifs (crises sociales, \u00e9conomiques, climatiques, num\u00e9riques et d\u00e9mocratiques), les organisations de la Soci\u00e9t\u00e9 Civile appelle \u00e0 un <strong>nouveau contrat \u00e9ducatif fond\u00e9 sur l\u2019humanisme, la participation active des jeunes et la responsabilit\u00e9 collective<\/strong>.<\/p>\n\n\n\n<p>Le plaidoyer souligne notamment :<\/p>\n\n\n\n<ul class=\"wp-block-list\">\n<li>la n\u00e9cessit\u00e9 de reconna\u00eetre les jeunes comme <strong>co-cr\u00e9ateurs des politiques et syst\u00e8mes \u00e9ducatifs<\/strong> ;<\/li>\n\n\n\n<li>l\u2019importance de l\u2019<strong>\u00e9ducation tout au long de la vie<\/strong>, incluant l\u2019alphab\u00e9tisation et l\u2019\u00e9ducation non formelle ;<\/li>\n\n\n\n<li>le r\u00f4le central de l\u2019<strong>\u00e9galit\u00e9 filles-gar\u00e7ons<\/strong> dans toute transformation \u00e9ducative durable ;<\/li>\n\n\n\n<li>l\u2019urgence d\u2019une <strong>gouvernance \u00e9ducative inclusive<\/strong>, associant \u00c9tats, soci\u00e9t\u00e9 civile, jeunesse et partenaires.<\/li>\n<\/ul>\n\n\n\n<p>\u00c0 travers cette publication, <strong>Pamoja Education r\u00e9affirme son engagement<\/strong> en faveur d\u2019une \u00e9ducation inclusive, \u00e9quitable et de qualit\u00e9, construite avec les jeunes et ancr\u00e9e dans les r\u00e9alit\u00e9s des b\u00e9n\u00e9ficiaires des programmes d&rsquo;\u00e9ducation.<\/p>\n\n\n\n<p>\ud83d\udc49 <strong>Nous vous invitons \u00e0 consulter et \u00e0 partager cette note de plaidoyer<\/strong>, et \u00e0 rejoindre l\u2019appel \u00e0 faire de la jeunesse un pilier central de la co-cr\u00e9ation de l\u2019\u00e9ducation.<\/p>\n<\/blockquote>\n\n\n\n<figure class=\"wp-block-image size-full\"><img fetchpriority=\"high\" decoding=\"async\" width=\"626\" height=\"471\" src=\"https:\/\/pamoja-education-network.org\/wp-content\/uploads\/2024\/05\/dessin-etudiants-qui-etudient-dans-salle-classe_664644-4809.png\" alt=\"\" class=\"wp-image-1953\" srcset=\"https:\/\/pamoja-education-network.org\/wp-content\/uploads\/2024\/05\/dessin-etudiants-qui-etudient-dans-salle-classe_664644-4809.png 626w, https:\/\/pamoja-education-network.org\/wp-content\/uploads\/2024\/05\/dessin-etudiants-qui-etudient-dans-salle-classe_664644-4809-300x226.png 300w, https:\/\/pamoja-education-network.org\/wp-content\/uploads\/2024\/05\/dessin-etudiants-qui-etudient-dans-salle-classe_664644-4809-16x12.png 16w\" sizes=\"(max-width: 626px) 100vw, 626px\" \/><\/figure>\n\n\n\n<div data-wp-interactive=\"core\/file\" class=\"wp-block-file\"><object data-wp-bind--hidden=\"!state.hasPdfPreview\" hidden class=\"wp-block-file__embed\" data=\"https:\/\/pamoja-education-network.org\/wp-content\/uploads\/2026\/01\/Cocreation-dune-education-humaniste-porteuse-dun-avenir-commun_Plaidoyer_26-janvier-2026-1.pdf\" type=\"application\/pdf\" style=\"width:100%;height:600px\" aria-label=\"Embed of Cocr\u00e9ation d&apos;une \u00e9ducation humaniste porteuse d&apos;un avenir commun_Plaidoyer_26 janvier 2026.\"><\/object><a id=\"wp-block-file--media-ce11be65-3c8a-4ca5-a7ea-ccb91f8dc29a\" href=\"https:\/\/pamoja-education-network.org\/wp-content\/uploads\/2026\/01\/Cocreation-dune-education-humaniste-porteuse-dun-avenir-commun_Plaidoyer_26-janvier-2026-1.pdf\">Cocr\u00e9ation d&rsquo;une \u00e9ducation humaniste porteuse d&rsquo;un avenir commun_Plaidoyer_26 janvier 2026<\/a><a href=\"https:\/\/pamoja-education-network.org\/wp-content\/uploads\/2026\/01\/Cocreation-dune-education-humaniste-porteuse-dun-avenir-commun_Plaidoyer_26-janvier-2026-1.pdf\" class=\"wp-block-file__button wp-element-button\" download aria-describedby=\"wp-block-file--media-ce11be65-3c8a-4ca5-a7ea-ccb91f8dc29a\">T\u00e9l\u00e9charger<\/a><\/div>","protected":false},"excerpt":{"rendered":"<p>\u00c0 l\u2019occasion de la Journ\u00e9e internationale de l\u2019\u00e9ducation 2026, plac\u00e9e sous le th\u00e8me \u00ab Le pouvoir de la jeunesse dans la co-cr\u00e9ation de l\u2019\u00e9ducation \u00bb, le r\u00e9seau Pamoja Education partage la note de plaidoyer de la soci\u00e9t\u00e9 civile francophone intitul\u00e9e : Pour une \u00e9ducation humaniste, co-cr\u00e9\u00e9e avec la jeunesse et porteuse d\u2019avenir commun \u00bb<\/p>","protected":false},"author":1,"featured_media":1953,"comment_status":"closed","ping_status":"closed","sticky":false,"template":"","format":"standard","meta":{"give_campaign_id":0,"footnotes":""},"categories":[1,89],"tags":[92],"class_list":["post-2288","post","type-post","status-publish","format-standard","has-post-thumbnail","hentry","category-non-classe","category-plaidoyer","tag-odd4"],"_links":{"self":[{"href":"https:\/\/pamoja-education-network.org\/en\/wp-json\/wp\/v2\/posts\/2288","targetHints":{"allow":["GET"]}}],"collection":[{"href":"https:\/\/pamoja-education-network.org\/en\/wp-json\/wp\/v2\/posts"}],"about":[{"href":"https:\/\/pamoja-education-network.org\/en\/wp-json\/wp\/v2\/types\/post"}],"author":[{"embeddable":true,"href":"https:\/\/pamoja-education-network.org\/en\/wp-json\/wp\/v2\/users\/1"}],"replies":[{"embeddable":true,"href":"https:\/\/pamoja-education-network.org\/en\/wp-json\/wp\/v2\/comments?post=2288"}],"version-history":[{"count":4,"href":"https:\/\/pamoja-education-network.org\/en\/wp-json\/wp\/v2\/posts\/2288\/revisions"}],"predecessor-version":[{"id":2294,"href":"https:\/\/pamoja-education-network.org\/en\/wp-json\/wp\/v2\/posts\/2288\/revisions\/2294"}],"wp:featuredmedia":[{"embeddable":true,"href":"https:\/\/pamoja-education-network.org\/en\/wp-json\/wp\/v2\/media\/1953"}],"wp:attachment":[{"href":"https:\/\/pamoja-education-network.org\/en\/wp-json\/wp\/v2\/media?parent=2288"}],"wp:term":[{"taxonomy":"category","embeddable":true,"href":"https:\/\/pamoja-education-network.org\/en\/wp-json\/wp\/v2\/categories?post=2288"},{"taxonomy":"post_tag","embeddable":true,"href":"https:\/\/pamoja-education-network.org\/en\/wp-json\/wp\/v2\/tags?post=2288"}],"curies":[{"name":"wp","href":"https:\/\/api.w.org\/{rel}","templated":true}]}}